{"id":10762,"date":"2025-07-10T10:36:27","date_gmt":"2025-07-10T08:36:27","guid":{"rendered":"https:\/\/www.sbkt.hr\/KT\/?p=10762"},"modified":"2025-07-10T10:39:00","modified_gmt":"2025-07-10T08:39:00","slug":"sb-za-medicinsku-rehabilitaciju-krapinske-toplice-badlfest-krapinske-toplice-poziva-najmlade","status":"publish","type":"post","link":"https:\/\/www.sbkt.hr\/KT\/aktualnosti\/sb-za-medicinsku-rehabilitaciju-krapinske-toplice-badlfest-krapinske-toplice-poziva-najmlade\/","title":{"rendered":"SB za medicinsku rehabilitaciju Krapinske Toplice \u2013 BadlFest Krapinske Toplice poziva najmla\u0111e!"},"content":{"rendered":"<p>Pozivamo djecu i roditelje da nam se pridru\u017ee na <strong><em>Badl vje\u017ebaonici za mali\u0161ane \u2013 rastimo i vje\u017ebajmo kroz igru<\/em><\/strong>, za djecu dobne skupine 4-7 godina koja \u0107e se odr\u017eati <strong>17. srpnja 2025. od 09:00 do 11:00 sati pokraj dje\u010djeg igrali\u0161ta COOKT<\/strong>.<\/p>\n<p>&nbsp;<\/p>\n<p>Pripremili smo:<\/p>\n<p>Igre i vje\u017ebe za razvoj pokreta, dr\u017eanja tijela i stopala<\/p>\n<p>Prakti\u010dni savjeti za razvoj motori\u010dkih vje\u0161tina<\/p>\n<p>Aktivnosti na otvorenom \u2013 u\u017eivajmo na svje\u017eem zraku<\/p>\n<p>Facepainting za djecu<\/p>\n<p>Pokloni za svako dijete<\/p>\n<p>&nbsp;<\/p>\n<p>Broj mjesta je ograni\u010den!<\/p>\n<p>&nbsp;<\/p>\n<p>Prijavite se putem obrasca:<\/p>\n<p><a href=\"https:\/\/l.facebook.com\/l.php?u=https%3A%2F%2Fforms.gle%2FLLL91XmPR4aiGkJo6%3Ffbclid%3DIwZXh0bgNhZW0CMTAAYnJpZBEwaHRUTk5ZcnJNeFJlM0lGcQEeqsJ7gWQWkAXbhR99xSUntP--XEeaUDecv1khmT2NsmCCWZ1N5kuRiXeEzCc_aem_rfG65Li6URVtsbLhZiKEqg&amp;h=AT0lqWIW9UHVnXcbGgGwkeanagQj82jBaxSACOnsmIKw-QVuM9ms1bnCIEvkwrrBEFL6XmbG1w6MtyKg_eWEe9LRLcg3tEm5duRo2RkTHYqR8lG-GAL4wmWtAqPZ4VYRqetXwguulJH8qQwf&amp;__tn__=-UK-R&amp;c%5b0%5d=AT1acwTZQC1iSC5otZzfzXG0XeErHZiGhwrM4gW94ySybVsDn1-nhnjehGeP0DXkmC10z5OPtoZlnyry8XKgg1pQ-1zsMEU3o5UjM7RCiiHjLQfI7RdGLtwMmtpgCtrV5oufEVmpgDzfHjXOsLMS89IkJbpifoeaS5Lqk0vBGAo0SafTRAhorHBiaObVt-gATzeQ97ts1qBstPrPFf0JXI2lP4qQ\"><strong>https:\/\/forms.gle\/LLL91XmPR4aiGkJo6<\/strong><\/a><\/p>\n<p>&nbsp;<\/p>\n<p>Voditelji: licencirani i stru\u010dni fizioterapeuti iz SBKT<\/p>\n<p>&nbsp;<\/p>\n<p>Vidimo se!<\/p>\n","protected":false},"excerpt":{"rendered":"<p>Pozivamo djecu i roditelje da nam se pridru\u017ee na Badl vje\u017ebaonici za mali\u0161ane \u2013 rastimo i vje\u017ebajmo kroz igru, za djecu dobne skupine 4-7 godina koja \u0107e se odr\u017eati 17. srpnja 2025. od 09:00 do 11:00 sati pokraj dje\u010djeg igrali\u0161ta COOKT. &nbsp; Pripremili smo: Igre i vje\u017ebe za razvoj pokreta, dr\u017eanja tijela i stopala Prakti\u010dni&#8230; <\/p>\n","protected":false},"author":1,"featured_media":10763,"comment_status":"closed","ping_status":"closed","sticky":false,"template":"","format":"standard","meta":{"footnotes":""},"categories":[61],"tags":[],"class_list":["post-10762","post","type-post","status-publish","format-standard","has-post-thumbnail","hentry","category-aktualnosti"],"yoast_head":"<!-- This site is optimized with the Yoast SEO plugin v24.9 - https:\/\/yoast.com\/wordpress\/plugins\/seo\/ -->\n<title>SB za medicinsku rehabilitaciju Krapinske Toplice \u2013 BadlFest Krapinske Toplice poziva najmla\u0111e! - sbkt.hr<\/title>\n<meta name=\"robots\" content=\"index, follow, max-snippet:-1, max-image-preview:large, max-video-preview:-1\" \/>\n<link rel=\"canonical\" href=\"https:\/\/www.sbkt.hr\/KT\/aktualnosti\/sb-za-medicinsku-rehabilitaciju-krapinske-toplice-badlfest-krapinske-toplice-poziva-najmlade\/\" \/>\n<meta property=\"og:locale\" content=\"hr_HR\" \/>\n<meta property=\"og:type\" content=\"article\" \/>\n<meta property=\"og:title\" content=\"SB za medicinsku rehabilitaciju Krapinske Toplice \u2013 BadlFest Krapinske Toplice poziva najmla\u0111e! - sbkt.hr\" \/>\n<meta property=\"og:description\" content=\"Pozivamo djecu i roditelje da nam se pridru\u017ee na Badl vje\u017ebaonici za mali\u0161ane \u2013 rastimo i vje\u017ebajmo kroz igru, za djecu dobne skupine 4-7 godina koja \u0107e se odr\u017eati 17. srpnja 2025. od 09:00 do 11:00 sati pokraj dje\u010djeg igrali\u0161ta COOKT. &nbsp; Pripremili smo: Igre i vje\u017ebe za razvoj pokreta, dr\u017eanja tijela i stopala Prakti\u010dni...\" \/>\n<meta property=\"og:url\" content=\"https:\/\/www.sbkt.hr\/KT\/aktualnosti\/sb-za-medicinsku-rehabilitaciju-krapinske-toplice-badlfest-krapinske-toplice-poziva-najmlade\/\" \/>\n<meta property=\"og:site_name\" content=\"sbkt.hr\" \/>\n<meta property=\"article:published_time\" content=\"2025-07-10T08:36:27+00:00\" \/>\n<meta property=\"article:modified_time\" content=\"2025-07-10T08:39:00+00:00\" \/>\n<meta property=\"og:image\" content=\"https:\/\/www.sbkt.hr\/KT\/wp-content\/uploads\/2025\/07\/Badlhealth-objava-prijave.png\" \/>\n\t<meta property=\"og:image:width\" content=\"1414\" \/>\n\t<meta property=\"og:image:height\" content=\"2000\" \/>\n\t<meta property=\"og:image:type\" content=\"image\/png\" \/>\n<meta name=\"author\" content=\"admin\" \/>\n<meta name=\"twitter:card\" content=\"summary_large_image\" \/>\n<meta name=\"twitter:label1\" content=\"Napisao\/la\" \/>\n\t<meta name=\"twitter:data1\" content=\"admin\" \/>\n\t<meta name=\"twitter:label2\" content=\"Procijenjeno vrijeme \u010ditanja\" \/>\n\t<meta name=\"twitter:data2\" content=\"1 minuta\" \/>\n<script type=\"application\/ld+json\" class=\"yoast-schema-graph\">{\"@context\":\"https:\/\/schema.org\",\"@graph\":[{\"@type\":\"WebPage\",\"@id\":\"https:\/\/www.sbkt.hr\/KT\/aktualnosti\/sb-za-medicinsku-rehabilitaciju-krapinske-toplice-badlfest-krapinske-toplice-poziva-najmlade\/\",\"url\":\"https:\/\/www.sbkt.hr\/KT\/aktualnosti\/sb-za-medicinsku-rehabilitaciju-krapinske-toplice-badlfest-krapinske-toplice-poziva-najmlade\/\",\"name\":\"SB za medicinsku rehabilitaciju Krapinske Toplice \u2013 BadlFest Krapinske Toplice poziva najmla\u0111e! - sbkt.hr\",\"isPartOf\":{\"@id\":\"https:\/\/www.sbkt.hr\/KT\/#website\"},\"primaryImageOfPage\":{\"@id\":\"https:\/\/www.sbkt.hr\/KT\/aktualnosti\/sb-za-medicinsku-rehabilitaciju-krapinske-toplice-badlfest-krapinske-toplice-poziva-najmlade\/#primaryimage\"},\"image\":{\"@id\":\"https:\/\/www.sbkt.hr\/KT\/aktualnosti\/sb-za-medicinsku-rehabilitaciju-krapinske-toplice-badlfest-krapinske-toplice-poziva-najmlade\/#primaryimage\"},\"thumbnailUrl\":\"https:\/\/www.sbkt.hr\/KT\/wp-content\/uploads\/2025\/07\/Badlhealth-objava-prijave.png\",\"datePublished\":\"2025-07-10T08:36:27+00:00\",\"dateModified\":\"2025-07-10T08:39:00+00:00\",\"author\":{\"@id\":\"https:\/\/www.sbkt.hr\/KT\/#\/schema\/person\/a56523442b86b6fbefbc8c4d6adb8eb9\"},\"breadcrumb\":{\"@id\":\"https:\/\/www.sbkt.hr\/KT\/aktualnosti\/sb-za-medicinsku-rehabilitaciju-krapinske-toplice-badlfest-krapinske-toplice-poziva-najmlade\/#breadcrumb\"},\"inLanguage\":\"hr\",\"potentialAction\":[{\"@type\":\"ReadAction\",\"target\":[\"https:\/\/www.sbkt.hr\/KT\/aktualnosti\/sb-za-medicinsku-rehabilitaciju-krapinske-toplice-badlfest-krapinske-toplice-poziva-najmlade\/\"]}]},{\"@type\":\"ImageObject\",\"inLanguage\":\"hr\",\"@id\":\"https:\/\/www.sbkt.hr\/KT\/aktualnosti\/sb-za-medicinsku-rehabilitaciju-krapinske-toplice-badlfest-krapinske-toplice-poziva-najmlade\/#primaryimage\",\"url\":\"https:\/\/www.sbkt.hr\/KT\/wp-content\/uploads\/2025\/07\/Badlhealth-objava-prijave.png\",\"contentUrl\":\"https:\/\/www.sbkt.hr\/KT\/wp-content\/uploads\/2025\/07\/Badlhealth-objava-prijave.png\",\"width\":1414,\"height\":2000},{\"@type\":\"BreadcrumbList\",\"@id\":\"https:\/\/www.sbkt.hr\/KT\/aktualnosti\/sb-za-medicinsku-rehabilitaciju-krapinske-toplice-badlfest-krapinske-toplice-poziva-najmlade\/#breadcrumb\",\"itemListElement\":[{\"@type\":\"ListItem\",\"position\":1,\"name\":\"Naslovna\",\"item\":\"https:\/\/www.sbkt.hr\/KT\/\"},{\"@type\":\"ListItem\",\"position\":2,\"name\":\"Aktualnosti\",\"item\":\"https:\/\/www.sbkt.hr\/KT\/category\/aktualnosti\/\"},{\"@type\":\"ListItem\",\"position\":3,\"name\":\"SB za medicinsku rehabilitaciju Krapinske Toplice \u2013 BadlFest Krapinske Toplice poziva najmla\u0111e!\"}]},{\"@type\":\"WebSite\",\"@id\":\"https:\/\/www.sbkt.hr\/KT\/#website\",\"url\":\"https:\/\/www.sbkt.hr\/KT\/\",\"name\":\"sbkt.hr\",\"description\":\"Specijalna bolnica za medicinsku rehabilitaciju\",\"potentialAction\":[{\"@type\":\"SearchAction\",\"target\":{\"@type\":\"EntryPoint\",\"urlTemplate\":\"https:\/\/www.sbkt.hr\/KT\/?s={search_term_string}\"},\"query-input\":{\"@type\":\"PropertyValueSpecification\",\"valueRequired\":true,\"valueName\":\"search_term_string\"}}],\"inLanguage\":\"hr\"},{\"@type\":\"Person\",\"@id\":\"https:\/\/www.sbkt.hr\/KT\/#\/schema\/person\/a56523442b86b6fbefbc8c4d6adb8eb9\",\"name\":\"admin\",\"url\":\"https:\/\/www.sbkt.hr\/KT\/author\/admin\/\"}]}<\/script>\n<!-- \/ Yoast SEO plugin. -->","yoast_head_json":{"title":"SB za medicinsku rehabilitaciju Krapinske Toplice \u2013 BadlFest Krapinske Toplice poziva najmla\u0111e! - sbkt.hr","robots":{"index":"index","follow":"follow","max-snippet":"max-snippet:-1","max-image-preview":"max-image-preview:large","max-video-preview":"max-video-preview:-1"},"canonical":"https:\/\/www.sbkt.hr\/KT\/aktualnosti\/sb-za-medicinsku-rehabilitaciju-krapinske-toplice-badlfest-krapinske-toplice-poziva-najmlade\/","og_locale":"hr_HR","og_type":"article","og_title":"SB za medicinsku rehabilitaciju Krapinske Toplice \u2013 BadlFest Krapinske Toplice poziva najmla\u0111e! - sbkt.hr","og_description":"Pozivamo djecu i roditelje da nam se pridru\u017ee na Badl vje\u017ebaonici za mali\u0161ane \u2013 rastimo i vje\u017ebajmo kroz igru, za djecu dobne skupine 4-7 godina koja \u0107e se odr\u017eati 17. srpnja 2025. od 09:00 do 11:00 sati pokraj dje\u010djeg igrali\u0161ta COOKT. &nbsp; Pripremili smo: Igre i vje\u017ebe za razvoj pokreta, dr\u017eanja tijela i stopala Prakti\u010dni...","og_url":"https:\/\/www.sbkt.hr\/KT\/aktualnosti\/sb-za-medicinsku-rehabilitaciju-krapinske-toplice-badlfest-krapinske-toplice-poziva-najmlade\/","og_site_name":"sbkt.hr","article_published_time":"2025-07-10T08:36:27+00:00","article_modified_time":"2025-07-10T08:39:00+00:00","og_image":[{"width":1414,"height":2000,"url":"https:\/\/www.sbkt.hr\/KT\/wp-content\/uploads\/2025\/07\/Badlhealth-objava-prijave.png","type":"image\/png"}],"author":"admin","twitter_card":"summary_large_image","twitter_misc":{"Napisao\/la":"admin","Procijenjeno vrijeme \u010ditanja":"1 minuta"},"schema":{"@context":"https:\/\/schema.org","@graph":[{"@type":"WebPage","@id":"https:\/\/www.sbkt.hr\/KT\/aktualnosti\/sb-za-medicinsku-rehabilitaciju-krapinske-toplice-badlfest-krapinske-toplice-poziva-najmlade\/","url":"https:\/\/www.sbkt.hr\/KT\/aktualnosti\/sb-za-medicinsku-rehabilitaciju-krapinske-toplice-badlfest-krapinske-toplice-poziva-najmlade\/","name":"SB za medicinsku rehabilitaciju Krapinske Toplice \u2013 BadlFest Krapinske Toplice poziva najmla\u0111e! - sbkt.hr","isPartOf":{"@id":"https:\/\/www.sbkt.hr\/KT\/#website"},"primaryImageOfPage":{"@id":"https:\/\/www.sbkt.hr\/KT\/aktualnosti\/sb-za-medicinsku-rehabilitaciju-krapinske-toplice-badlfest-krapinske-toplice-poziva-najmlade\/#primaryimage"},"image":{"@id":"https:\/\/www.sbkt.hr\/KT\/aktualnosti\/sb-za-medicinsku-rehabilitaciju-krapinske-toplice-badlfest-krapinske-toplice-poziva-najmlade\/#primaryimage"},"thumbnailUrl":"https:\/\/www.sbkt.hr\/KT\/wp-content\/uploads\/2025\/07\/Badlhealth-objava-prijave.png","datePublished":"2025-07-10T08:36:27+00:00","dateModified":"2025-07-10T08:39:00+00:00","author":{"@id":"https:\/\/www.sbkt.hr\/KT\/#\/schema\/person\/a56523442b86b6fbefbc8c4d6adb8eb9"},"breadcrumb":{"@id":"https:\/\/www.sbkt.hr\/KT\/aktualnosti\/sb-za-medicinsku-rehabilitaciju-krapinske-toplice-badlfest-krapinske-toplice-poziva-najmlade\/#breadcrumb"},"inLanguage":"hr","potentialAction":[{"@type":"ReadAction","target":["https:\/\/www.sbkt.hr\/KT\/aktualnosti\/sb-za-medicinsku-rehabilitaciju-krapinske-toplice-badlfest-krapinske-toplice-poziva-najmlade\/"]}]},{"@type":"ImageObject","inLanguage":"hr","@id":"https:\/\/www.sbkt.hr\/KT\/aktualnosti\/sb-za-medicinsku-rehabilitaciju-krapinske-toplice-badlfest-krapinske-toplice-poziva-najmlade\/#primaryimage","url":"https:\/\/www.sbkt.hr\/KT\/wp-content\/uploads\/2025\/07\/Badlhealth-objava-prijave.png","contentUrl":"https:\/\/www.sbkt.hr\/KT\/wp-content\/uploads\/2025\/07\/Badlhealth-objava-prijave.png","width":1414,"height":2000},{"@type":"BreadcrumbList","@id":"https:\/\/www.sbkt.hr\/KT\/aktualnosti\/sb-za-medicinsku-rehabilitaciju-krapinske-toplice-badlfest-krapinske-toplice-poziva-najmlade\/#breadcrumb","itemListElement":[{"@type":"ListItem","position":1,"name":"Naslovna","item":"https:\/\/www.sbkt.hr\/KT\/"},{"@type":"ListItem","position":2,"name":"Aktualnosti","item":"https:\/\/www.sbkt.hr\/KT\/category\/aktualnosti\/"},{"@type":"ListItem","position":3,"name":"SB za medicinsku rehabilitaciju Krapinske Toplice \u2013 BadlFest Krapinske Toplice poziva najmla\u0111e!"}]},{"@type":"WebSite","@id":"https:\/\/www.sbkt.hr\/KT\/#website","url":"https:\/\/www.sbkt.hr\/KT\/","name":"sbkt.hr","description":"Specijalna bolnica za medicinsku rehabilitaciju","potentialAction":[{"@type":"SearchAction","target":{"@type":"EntryPoint","urlTemplate":"https:\/\/www.sbkt.hr\/KT\/?s={search_term_string}"},"query-input":{"@type":"PropertyValueSpecification","valueRequired":true,"valueName":"search_term_string"}}],"inLanguage":"hr"},{"@type":"Person","@id":"https:\/\/www.sbkt.hr\/KT\/#\/schema\/person\/a56523442b86b6fbefbc8c4d6adb8eb9","name":"admin","url":"https:\/\/www.sbkt.hr\/KT\/author\/admin\/"}]}},"_links":{"self":[{"href":"https:\/\/www.sbkt.hr\/KT\/wp-json\/wp\/v2\/posts\/10762","targetHints":{"allow":["GET"]}}],"collection":[{"href":"https:\/\/www.sbkt.hr\/KT\/wp-json\/wp\/v2\/posts"}],"about":[{"href":"https:\/\/www.sbkt.hr\/KT\/wp-json\/wp\/v2\/types\/post"}],"author":[{"embeddable":true,"href":"https:\/\/www.sbkt.hr\/KT\/wp-json\/wp\/v2\/users\/1"}],"replies":[{"embeddable":true,"href":"https:\/\/www.sbkt.hr\/KT\/wp-json\/wp\/v2\/comments?post=10762"}],"version-history":[{"count":1,"href":"https:\/\/www.sbkt.hr\/KT\/wp-json\/wp\/v2\/posts\/10762\/revisions"}],"predecessor-version":[{"id":10764,"href":"https:\/\/www.sbkt.hr\/KT\/wp-json\/wp\/v2\/posts\/10762\/revisions\/10764"}],"wp:featuredmedia":[{"embeddable":true,"href":"https:\/\/www.sbkt.hr\/KT\/wp-json\/wp\/v2\/media\/10763"}],"wp:attachment":[{"href":"https:\/\/www.sbkt.hr\/KT\/wp-json\/wp\/v2\/media?parent=10762"}],"wp:term":[{"taxonomy":"category","embeddable":true,"href":"https:\/\/www.sbkt.hr\/KT\/wp-json\/wp\/v2\/categories?post=10762"},{"taxonomy":"post_tag","embeddable":true,"href":"https:\/\/www.sbkt.hr\/KT\/wp-json\/wp\/v2\/tags?post=10762"}],"curies":[{"name":"wp","href":"https:\/\/api.w.org\/{rel}","templated":true}]}}